{"id":1085,"date":"2021-12-16T21:29:00","date_gmt":"2021-12-16T20:29:00","guid":{"rendered":"http:\/\/localhost\/tintinem\/?p=1085"},"modified":"2022-01-04T10:56:17","modified_gmt":"2022-01-04T09:56:17","slug":"eco-anxiete","status":"publish","type":"post","link":"https:\/\/biotopik.org\/index.php\/2021\/12\/16\/eco-anxiete\/","title":{"rendered":"L&#8217;\u00e9co-anxi\u00e9t\u00e9&#8230; \u00e7a vous parle ?"},"content":{"rendered":"\t\t<div data-elementor-type=\"wp-post\" data-elementor-id=\"1085\" class=\"elementor elementor-1085\" data-elementor-settings=\"[]\">\n\t\t\t\t\t\t\t<div class=\"elementor-section-wrap\">\n\t\t\t\t\t\t\t<section class=\"elementor-section elementor-top-section elementor-element elementor-element-60e01414 elementor-section-boxed elementor-section-height-default elementor-section-height-default\" data-id=\"60e01414\" data-element_type=\"section\">\n\t\t\t\t\t\t<div class=\"elementor-container elementor-column-gap-default\">\n\t\t\t\t\t<div class=\"elementor-column elementor-col-100 elementor-top-column elementor-element elementor-element-758a760c\" data-id=\"758a760c\" data-element_type=\"column\">\n\t\t\t<div class=\"elementor-widget-wrap elementor-element-populated\">\n\t\t\t\t\t\t\t\t<div class=\"elementor-element elementor-element-1437ca77 elementor-widget elementor-widget-text-editor\" data-id=\"1437ca77\" data-element_type=\"widget\" data-widget_type=\"text-editor.default\">\n\t\t\t\t<div class=\"elementor-widget-container\">\n\t\t\t\t\t\t\t<!-- wp:paragraph -->\n<p>Un partage sur une conf\u00e9rence men\u00e9e par l&#8217;\u00e9co-psychologue Emmanuelle Delrieu, le 16 d\u00e9cembre 2021<\/p>\n<p>Avec clart\u00e9, pertinence et une grande clairvoyance, Emmannuelle nous donne des cl\u00e9s d&#8217;accompagnement de nos \u00e9co-anxieux (et comment ne pas l&#8217;\u00eatre ?&#8230;) pour les amener \u00e0 l&#8217;action.<\/p>\n<!-- \/wp:paragraph --><!-- wp:paragraph --><!-- \/wp:paragraph --><!-- wp:quote -->\n<blockquote class=\"wp-block-quote\">\n<p>\u201cL&#8217;\u00e9co-anxi\u00e9t\u00e9 se traverse de la m\u00eame mani\u00e8re qu&#8217;un deuil, avec ses phase de d\u00e9ni, n\u00e9gociation-marchandage, col\u00e8re, tristesse, r\u00e9signation, acceptation, r\u00e9g\u00e9n\u00e9ration. Il faut accepter de traverser ces \u00e9motions.\u201d Emmanuelle Delrieu, \u00e9co-psychologue<\/p>\n<\/blockquote>\n<!-- \/wp:quote --><!-- wp:paragraph -->\n<p>L&#8217;\u00e9co-anxi\u00e9t\u00e9 est naturelle dans le contexte qui nous entoure, mais elle s&#8217;accompagne, pour se transformer en action POUR.<\/p>\n<p>Se r\u00e9enforester ? Revenir au Sauvage, retourner \u00e0 ses racines, se reconnecter \u00e0 son corps dans son empathie, ses \u00e9motions, son potentiel ? Se connecter \u00e0 une communaut\u00e9, un collectif qui oeuvre pour une des causes qui nous tient \u00e0 coeur&#8230; Autant de pistes d&#8217;action ouvertes pour se lib\u00e9rer d&#8217;un immobilisme qui paralyse.<\/p>\n<p>.\u00a0<\/p>\n<p>\u00a0<\/p>\n<!-- \/wp:paragraph -->\t\t\t\t\t\t<\/div>\n\t\t\t\t<\/div>\n\t\t\t\t\t<\/div>\n\t\t<\/div>\n\t\t\t\t\t\t\t<\/div>\n\t\t<\/section>\n\t\t\t\t\t\t<\/div>\n\t\t\t\t\t<\/div>\n\t\t","protected":false},"excerpt":{"rendered":"<p>Un partage sur une conf\u00e9rence men\u00e9e par l&#8217;\u00e9co-psychologue Emmanuelle Delrieu, le 16 d\u00e9cembre 2021 Avec clart\u00e9, pertinence et une grande clairvoyance, Emmannuelle nous donne des cl\u00e9s d&#8217;accompagnement de nos \u00e9co-anxieux (et comment ne pas l&#8217;\u00eatre ?&#8230;) pour les amener \u00e0 l&#8217;action. \u201cL&#8217;\u00e9co-anxi\u00e9t\u00e9 se traverse de la m\u00eame mani\u00e8re qu&#8217;un deuil, avec ses phase de d\u00e9ni, [&hellip;]<\/p>\n","protected":false},"author":1,"featured_media":1093,"comment_status":"open","ping_status":"open","sticky":false,"template":"","format":"standard","meta":{"_monsterinsights_skip_tracking":false,"_monsterinsights_sitenote_active":false,"_monsterinsights_sitenote_note":"","_monsterinsights_sitenote_category":0,"footnotes":""},"categories":[2],"tags":[],"_links":{"self":[{"href":"https:\/\/biotopik.org\/index.php\/wp-json\/wp\/v2\/posts\/1085"}],"collection":[{"href":"https:\/\/biotopik.org\/index.php\/wp-json\/wp\/v2\/posts"}],"about":[{"href":"https:\/\/biotopik.org\/index.php\/wp-json\/wp\/v2\/types\/post"}],"author":[{"embeddable":true,"href":"https:\/\/biotopik.org\/index.php\/wp-json\/wp\/v2\/users\/1"}],"replies":[{"embeddable":true,"href":"https:\/\/biotopik.org\/index.php\/wp-json\/wp\/v2\/comments?post=1085"}],"version-history":[{"count":11,"href":"https:\/\/biotopik.org\/index.php\/wp-json\/wp\/v2\/posts\/1085\/revisions"}],"predecessor-version":[{"id":3244,"href":"https:\/\/biotopik.org\/index.php\/wp-json\/wp\/v2\/posts\/1085\/revisions\/3244"}],"wp:featuredmedia":[{"embeddable":true,"href":"https:\/\/biotopik.org\/index.php\/wp-json\/wp\/v2\/media\/1093"}],"wp:attachment":[{"href":"https:\/\/biotopik.org\/index.php\/wp-json\/wp\/v2\/media?parent=1085"}],"wp:term":[{"taxonomy":"category","embeddable":true,"href":"https:\/\/biotopik.org\/index.php\/wp-json\/wp\/v2\/categories?post=1085"},{"taxonomy":"post_tag","embeddable":true,"href":"https:\/\/biotopik.org\/index.php\/wp-json\/wp\/v2\/tags?post=1085"}],"curies":[{"name":"wp","href":"https:\/\/api.w.org\/{rel}","templated":true}]}}