{"id":3485,"date":"2022-05-09T15:05:33","date_gmt":"2022-05-09T13:05:33","guid":{"rendered":"http:\/\/biotopik.org\/?p=3485"},"modified":"2022-05-09T15:07:52","modified_gmt":"2022-05-09T13:07:52","slug":"premiere-commission-consultative-pour-la-prevention-des-dechets-nord-05","status":"publish","type":"post","link":"https:\/\/biotopik.org\/index.php\/2022\/05\/09\/premiere-commission-consultative-pour-la-prevention-des-dechets-nord-05\/","title":{"rendered":"Premi\u00e8re Commission Consultative pour la pr\u00e9vention des D\u00e9chets &#8211; nord 05"},"content":{"rendered":"\n<p>Guillestrois, Queyras, Argenti\u00e8rois<br>Le 1er atelier de la Commission, compos\u00e9e d&#8217;\u00e9lus et de citoyens, simples habitants ou professionnels particuli\u00e8rement concern\u00e9s par la gestion des d\u00e9chets, invit\u00e9s \u00e0 phosphorer ensemble sur des propositions d&#8217;actions pour am\u00e9liorer la pr\u00e9vention des d\u00e9chets de fa\u00e7on tr\u00e8s pragmatique sur le territoire, pour les 6 ans \u00e0 venir. Egalement l&#8217;occasion d&#8217;apprendre et \u00e9changer sur l&#8217;existant et les contraintes d&#8217;un environnement de montagne, touristique et aussi beau que fragile. Et de passer ensemble une belle soir\u00e9e ensoleill\u00e9e, en intelligence collective, pour refaire notre monde plus propre !<br>Bravo au SMITOMGA pour cette d\u00e9marche participative pleinement assum\u00e9e \ud83d\ude42<br><a href=\"https:\/\/www.linkedin.com\/feed\/hashtag\/?keywords=environnement&amp;highlightedUpdateUrns=urn%3Ali%3Aactivity%3A6927891030746796032\">#environnement<\/a>\u00a0<a href=\"https:\/\/www.linkedin.com\/feed\/hashtag\/?keywords=d%C3%A9chet&amp;highlightedUpdateUrns=urn%3Ali%3Aactivity%3A6927891030746796032\">#d\u00e9chet<\/a> #intelligencecollective #<\/p>\n","protected":false},"excerpt":{"rendered":"<p>Guillestrois, Queyras, Argenti\u00e8roisLe 1er atelier de la Commission, compos\u00e9e d&#8217;\u00e9lus et de citoyens, simples habitants ou professionnels particuli\u00e8rement concern\u00e9s par la gestion des d\u00e9chets, invit\u00e9s \u00e0 phosphorer ensemble sur des propositions d&#8217;actions pour am\u00e9liorer la pr\u00e9vention des d\u00e9chets de fa\u00e7on tr\u00e8s pragmatique sur le territoire, pour les 6 ans \u00e0 venir. Egalement l&#8217;occasion d&#8217;apprendre et [&hellip;]<\/p>\n","protected":false},"author":1,"featured_media":3477,"comment_status":"closed","ping_status":"open","sticky":false,"template":"","format":"standard","meta":{"_monsterinsights_skip_tracking":false,"_monsterinsights_sitenote_active":false,"_monsterinsights_sitenote_note":"","_monsterinsights_sitenote_category":0,"footnotes":""},"categories":[1],"tags":[],"_links":{"self":[{"href":"https:\/\/biotopik.org\/index.php\/wp-json\/wp\/v2\/posts\/3485"}],"collection":[{"href":"https:\/\/biotopik.org\/index.php\/wp-json\/wp\/v2\/posts"}],"about":[{"href":"https:\/\/biotopik.org\/index.php\/wp-json\/wp\/v2\/types\/post"}],"author":[{"embeddable":true,"href":"https:\/\/biotopik.org\/index.php\/wp-json\/wp\/v2\/users\/1"}],"replies":[{"embeddable":true,"href":"https:\/\/biotopik.org\/index.php\/wp-json\/wp\/v2\/comments?post=3485"}],"version-history":[{"count":1,"href":"https:\/\/biotopik.org\/index.php\/wp-json\/wp\/v2\/posts\/3485\/revisions"}],"predecessor-version":[{"id":3486,"href":"https:\/\/biotopik.org\/index.php\/wp-json\/wp\/v2\/posts\/3485\/revisions\/3486"}],"wp:featuredmedia":[{"embeddable":true,"href":"https:\/\/biotopik.org\/index.php\/wp-json\/wp\/v2\/media\/3477"}],"wp:attachment":[{"href":"https:\/\/biotopik.org\/index.php\/wp-json\/wp\/v2\/media?parent=3485"}],"wp:term":[{"taxonomy":"category","embeddable":true,"href":"https:\/\/biotopik.org\/index.php\/wp-json\/wp\/v2\/categories?post=3485"},{"taxonomy":"post_tag","embeddable":true,"href":"https:\/\/biotopik.org\/index.php\/wp-json\/wp\/v2\/tags?post=3485"}],"curies":[{"name":"wp","href":"https:\/\/api.w.org\/{rel}","templated":true}]}}