{"id":3515,"date":"2023-02-08T17:36:18","date_gmt":"2023-02-08T16:36:18","guid":{"rendered":"https:\/\/biotopik.org\/?p=3515"},"modified":"2023-02-08T18:01:47","modified_gmt":"2023-02-08T17:01:47","slug":"atelier-participatif-du-tronc-commun-avenir-montagne","status":"publish","type":"post","link":"https:\/\/biotopik.org\/index.php\/2023\/02\/08\/atelier-participatif-du-tronc-commun-avenir-montagne\/","title":{"rendered":"Atelier participatif du tronc commun Avenir Montagne"},"content":{"rendered":"\t\t<div data-elementor-type=\"wp-post\" data-elementor-id=\"3515\" class=\"elementor elementor-3515\" data-elementor-settings=\"[]\">\n\t\t\t\t\t\t\t<div class=\"elementor-section-wrap\">\n\t\t\t\t\t\t\t<section class=\"elementor-section elementor-top-section elementor-element elementor-element-ab965cd elementor-section-boxed elementor-section-height-default elementor-section-height-default\" data-id=\"ab965cd\" data-element_type=\"section\">\n\t\t\t\t\t\t<div class=\"elementor-container elementor-column-gap-default\">\n\t\t\t\t\t<div class=\"elementor-column elementor-col-100 elementor-top-column elementor-element elementor-element-668f1c1\" data-id=\"668f1c1\" data-element_type=\"column\">\n\t\t\t<div class=\"elementor-widget-wrap elementor-element-populated\">\n\t\t\t\t\t\t\t\t<div class=\"elementor-element elementor-element-63a22d5 elementor-widget elementor-widget-image\" data-id=\"63a22d5\" data-element_type=\"widget\" data-widget_type=\"image.default\">\n\t\t\t\t<div class=\"elementor-widget-container\">\n\t\t\t\t\t\t\t\t\t\t\t\t\t\t\t<img decoding=\"async\" loading=\"lazy\" width=\"640\" height=\"357\" src=\"https:\/\/biotopik.org\/wp-content\/uploads\/2023\/02\/PAM-session-4_jv23-1024x571.jpg\" class=\"attachment-large size-large\" alt=\"\" srcset=\"https:\/\/biotopik.org\/wp-content\/uploads\/2023\/02\/PAM-session-4_jv23-1024x571.jpg 1024w, https:\/\/biotopik.org\/wp-content\/uploads\/2023\/02\/PAM-session-4_jv23-300x167.jpg 300w, https:\/\/biotopik.org\/wp-content\/uploads\/2023\/02\/PAM-session-4_jv23-768x428.jpg 768w, https:\/\/biotopik.org\/wp-content\/uploads\/2023\/02\/PAM-session-4_jv23.jpg 1327w\" sizes=\"(max-width: 640px) 100vw, 640px\" \/>\t\t\t\t\t\t\t\t\t\t\t\t\t\t\t<\/div>\n\t\t\t\t<\/div>\n\t\t\t\t\t<\/div>\n\t\t<\/div>\n\t\t\t\t\t\t\t<\/div>\n\t\t<\/section>\n\t\t\t\t<section class=\"elementor-section elementor-top-section elementor-element elementor-element-104e55e elementor-section-boxed elementor-section-height-default elementor-section-height-default\" data-id=\"104e55e\" data-element_type=\"section\">\n\t\t\t\t\t\t<div class=\"elementor-container elementor-column-gap-default\">\n\t\t\t\t\t<div class=\"elementor-column elementor-col-100 elementor-top-column elementor-element elementor-element-0f657ae\" data-id=\"0f657ae\" data-element_type=\"column\">\n\t\t\t<div class=\"elementor-widget-wrap elementor-element-populated\">\n\t\t\t\t\t\t\t\t<div class=\"elementor-element elementor-element-f20aa7d elementor-widget elementor-widget-text-editor\" data-id=\"f20aa7d\" data-element_type=\"widget\" data-widget_type=\"text-editor.default\">\n\t\t\t\t<div class=\"elementor-widget-container\">\n\t\t\t\t\t\t\t<p>les 5 sessions de tronc commun du Plan Avenir Montagnes pour 62 territoires en France ont d\u00e9but\u00e9 le 12 janvier 2023. L&#8217;objectif du plan est de revisiter les actions et activit\u00e9s touristiques des territoires de montagne \u00e0 l&#8217;aune des changements climatiques, soci\u00e9taux et autres bouleversements \u00e0 l&#8217;oeuvre. Nous avons eu le plaisir, avec Karine Banderier, ma compagne d&#8217;ateliers, de concevoir et animer un atelier participatif de 2 heures ce jeudi 26 janvier, pour traduire en territoires les limites plan\u00e9taires et changements sociaux, \u00e9conomiques et environnementaux. A partir de 3 questions soigneusement formul\u00e9es et discut\u00e9es en petits groupes, nous avons embarqu\u00e9 les \u00e9lus, charg\u00e9s de projet et autres acteurs des territoires pr\u00e9sents (une soixantaine), dans un panorama des situations critiques v\u00e9cues ou projet\u00e9es en lien avec ces changements globaux, une r\u00e9flexion sur les \u00e9motions travers\u00e9es par les acteurs et une prise de hauteur sur les changements n\u00e9cessaires et leviers d&#8217;action pour traverser, g\u00e9rer ces situations et \u00e9volutions. L&#8217;atelier \u00e9tait suivi d&#8217;une conf\u00e9rence sur le d\u00e9cryptage de nos biais cognitifs, \u00e9motions et m\u00e9canismes de d\u00e9fense comme freins ou leviers \u00e0 l&#8217;action. Pour une prise de conscience du cadre ou du &#8220;bouillon de culture&#8221; duquel nous partons, pour ouvrir d&#8217;autres futurs possibles. D&#8217;autres sessions \u00e0 venir pour accompagner des changements transformatifs en territoire&#8230;<\/p>\t\t\t\t\t\t<\/div>\n\t\t\t\t<\/div>\n\t\t\t\t\t<\/div>\n\t\t<\/div>\n\t\t\t\t\t\t\t<\/div>\n\t\t<\/section>\n\t\t\t\t\t\t<\/div>\n\t\t\t\t\t<\/div>\n\t\t","protected":false},"excerpt":{"rendered":"<p>les 5 sessions de tronc commun du Plan Avenir Montagnes pour 62 territoires en France ont d\u00e9but\u00e9 le 12 janvier 2023. L&#8217;objectif du plan est de revisiter les actions et activit\u00e9s touristiques des territoires de montagne \u00e0 l&#8217;aune des changements climatiques, soci\u00e9taux et autres bouleversements \u00e0 l&#8217;oeuvre. Nous avons eu le plaisir, avec Karine Banderier, [&hellip;]<\/p>\n","protected":false},"author":1,"featured_media":3512,"comment_status":"closed","ping_status":"open","sticky":false,"template":"","format":"standard","meta":{"_monsterinsights_skip_tracking":false,"_monsterinsights_sitenote_active":false,"_monsterinsights_sitenote_note":"","_monsterinsights_sitenote_category":0,"footnotes":""},"categories":[1],"tags":[],"_links":{"self":[{"href":"https:\/\/biotopik.org\/index.php\/wp-json\/wp\/v2\/posts\/3515"}],"collection":[{"href":"https:\/\/biotopik.org\/index.php\/wp-json\/wp\/v2\/posts"}],"about":[{"href":"https:\/\/biotopik.org\/index.php\/wp-json\/wp\/v2\/types\/post"}],"author":[{"embeddable":true,"href":"https:\/\/biotopik.org\/index.php\/wp-json\/wp\/v2\/users\/1"}],"replies":[{"embeddable":true,"href":"https:\/\/biotopik.org\/index.php\/wp-json\/wp\/v2\/comments?post=3515"}],"version-history":[{"count":10,"href":"https:\/\/biotopik.org\/index.php\/wp-json\/wp\/v2\/posts\/3515\/revisions"}],"predecessor-version":[{"id":3525,"href":"https:\/\/biotopik.org\/index.php\/wp-json\/wp\/v2\/posts\/3515\/revisions\/3525"}],"wp:featuredmedia":[{"embeddable":true,"href":"https:\/\/biotopik.org\/index.php\/wp-json\/wp\/v2\/media\/3512"}],"wp:attachment":[{"href":"https:\/\/biotopik.org\/index.php\/wp-json\/wp\/v2\/media?parent=3515"}],"wp:term":[{"taxonomy":"category","embeddable":true,"href":"https:\/\/biotopik.org\/index.php\/wp-json\/wp\/v2\/categories?post=3515"},{"taxonomy":"post_tag","embeddable":true,"href":"https:\/\/biotopik.org\/index.php\/wp-json\/wp\/v2\/tags?post=3515"}],"curies":[{"name":"wp","href":"https:\/\/api.w.org\/{rel}","templated":true}]}}