{"id":574,"date":"2021-09-27T06:32:00","date_gmt":"2021-09-27T04:32:00","guid":{"rendered":"http:\/\/localhost\/jobfind\/?p=164"},"modified":"2022-01-04T10:58:19","modified_gmt":"2022-01-04T09:58:19","slug":"egttm","status":"publish","type":"post","link":"https:\/\/biotopik.org\/index.php\/2021\/09\/27\/egttm\/","title":{"rendered":"Etats G\u00e9n\u00e9raux de la Transition du Tourisme en Montagne 2021"},"content":{"rendered":"\t\t<div data-elementor-type=\"wp-post\" data-elementor-id=\"574\" class=\"elementor elementor-574\" data-elementor-settings=\"[]\">\n\t\t\t\t\t\t\t<div class=\"elementor-section-wrap\">\n\t\t\t\t\t\t\t<section class=\"elementor-section elementor-top-section elementor-element elementor-element-46e71fe5 elementor-section-boxed elementor-section-height-default elementor-section-height-default\" data-id=\"46e71fe5\" data-element_type=\"section\">\n\t\t\t\t\t\t<div class=\"elementor-container elementor-column-gap-default\">\n\t\t\t\t\t<div class=\"elementor-column elementor-col-100 elementor-top-column elementor-element elementor-element-1562e9cf\" data-id=\"1562e9cf\" data-element_type=\"column\">\n\t\t\t<div class=\"elementor-widget-wrap elementor-element-populated\">\n\t\t\t\t\t\t\t\t<div class=\"elementor-element elementor-element-13916760 elementor-widget elementor-widget-text-editor\" data-id=\"13916760\" data-element_type=\"widget\" data-widget_type=\"text-editor.default\">\n\t\t\t\t<div class=\"elementor-widget-container\">\n\t\t\t\t\t\t\t<p><!-- wp:paragraph --><\/p>\n<p>Qui mieux que ceux qui vivent DE et AVEC la montagne chaque jour, peut imaginer son avenir touristique et son avenir tout court ?<\/p>\n<p>Personne \u00e9videmment&#8230; Les EGTTM (Etats G\u00e9n\u00e9raux de la Transition du Tourisme en Montagne), organis\u00e9s par 2TM et Mountain Wilderness dans le cadre de la SUERA les 23 et 24 septembre 2021, ont \u00e9t\u00e9 une formidable opportunit\u00e9 pour les territoires de r\u00e9fl\u00e9chir collectivement \u00e0 leur avanir.<\/p>\n<p>En \u00ab tronc commun \u00bb pour tous, des tables rondes inspirantes autour d\u2019initiatives de territoires, la parole donn\u00e9e \u00e0 l\u2019ensemble des acteurs de la montagne pour des points de vue diff\u00e9rents et parfois &#8220;confrontants&#8221;, des forums pour \u00e9changer de mani\u00e8re interactive.<br \/>En parall\u00e8le, les organisateurs ont sugg\u00e9r\u00e9 la mise en place d\u2019ateliers participatifs sur chaque territoire, avec les acteurs locaux.<br \/>Je suis tr\u00e8s fi\u00e8re d&#8217;avoir pu co-animer <strong>2 demi-journ\u00e9es de rencontres participatives pour le Guillestrois \u2013 Queyras<\/strong> \u00e0 Ceillac (05), qui se sont d\u00e9roul\u00e9es dans une atmosph\u00e8re dynamique, conviviale et constructive ! Les 20 \u00e0 25 participants sur chacune des session (socio pros, stations, \u00e9lus, associations, collectivit\u00e9s, am\u00e9nageurs, institutions, commer\u00e7ants) n\u2019ont m\u00e9nag\u00e9 ni leur \u00e9nergie ni leur cr\u00e9ativit\u00e9, malgr\u00e9 les incertitudes et inqui\u00e9tudes que le sujet peut g\u00e9n\u00e9rer, pour phosphorer ensemble sur l\u2019avenir de leur territoire.<br \/>Les ateliers, men\u00e9s en Intelligence collective avec un maximum de participation et d\u2019engagement de chacun, ont permis de d\u00e9gager 4 th\u00e9matiques-enjeux pour le territoire. Ces 4 th\u00e9matiques ont \u00e9t\u00e9 d\u00e9clin\u00e9es en objectifs, du \u00ab r\u00eave \u00bb aux projets et pistes d\u2019actions.<br \/>Bient\u00f4t, la synth\u00e8se de ces rencontres, nous y travaillons avec l\u2019\u00e9quipe de choc de l\u2019Universit\u00e9 Jean Moulin de Lyon, le Parc et la Comcom et avons h\u00e2te de d\u00e9couvrir ce que d\u2019autres territoires ont \u00e9galement produit.<br \/>Et une suite en gestation pour que cette mise en action ne reste pas sans effet\u2026 \u00e0 suivre !<\/p>\n<p>#\u00e9nergie #engagement #avenir #intelligence<\/p>\n<p><!-- \/wp:paragraph --><\/p>\n<p><!-- wp:quote --><\/p>\n<blockquote class=\"wp-block-quote\">\n<p>La r\u00e9ussite de mes vacances ne doit <br \/>pas d\u00e9pendre des 10000 km que j&#8217;ai fait <br \/>en avion pour y arriver, mais de l&#8217;exp\u00e9rience de mon <br \/>bivouac, de la relation que j&#8217;ai eue avec le <br \/>merveilleux.\u201d<br \/>Jean-Fran\u00e7ois Caron, fondateur de la <br \/>Fabrique des transitions, maire de Loos-en-Gohelle.<\/p>\n<\/blockquote>\n<p><!-- \/wp:quote --><\/p>\n<p><!-- wp:paragraph --><\/p>\n<p>\u00a0<\/p>\n<p><!-- \/wp:paragraph --><\/p>\t\t\t\t\t\t<\/div>\n\t\t\t\t<\/div>\n\t\t\t\t\t<\/div>\n\t\t<\/div>\n\t\t\t\t\t\t\t<\/div>\n\t\t<\/section>\n\t\t\t\t\t\t<\/div>\n\t\t\t\t\t<\/div>\n\t\t","protected":false},"excerpt":{"rendered":"<p>Qui mieux que ceux qui vivent DE et AVEC la montagne chaque jour, peut imaginer son avenir touristique et son avenir tout court ? Personne \u00e9videmment&#8230; Les EGTTM (Etats G\u00e9n\u00e9raux de la Transition du Tourisme en Montagne), organis\u00e9s par 2TM et Mountain Wilderness dans le cadre de la SUERA les 23 et 24 septembre 2021, [&hellip;]<\/p>\n","protected":false},"author":1,"featured_media":1852,"comment_status":"open","ping_status":"open","sticky":false,"template":"","format":"standard","meta":{"_monsterinsights_skip_tracking":false,"_monsterinsights_sitenote_active":false,"_monsterinsights_sitenote_note":"","_monsterinsights_sitenote_category":0,"footnotes":""},"categories":[4,5],"tags":[],"_links":{"self":[{"href":"https:\/\/biotopik.org\/index.php\/wp-json\/wp\/v2\/posts\/574"}],"collection":[{"href":"https:\/\/biotopik.org\/index.php\/wp-json\/wp\/v2\/posts"}],"about":[{"href":"https:\/\/biotopik.org\/index.php\/wp-json\/wp\/v2\/types\/post"}],"author":[{"embeddable":true,"href":"https:\/\/biotopik.org\/index.php\/wp-json\/wp\/v2\/users\/1"}],"replies":[{"embeddable":true,"href":"https:\/\/biotopik.org\/index.php\/wp-json\/wp\/v2\/comments?post=574"}],"version-history":[{"count":12,"href":"https:\/\/biotopik.org\/index.php\/wp-json\/wp\/v2\/posts\/574\/revisions"}],"predecessor-version":[{"id":3248,"href":"https:\/\/biotopik.org\/index.php\/wp-json\/wp\/v2\/posts\/574\/revisions\/3248"}],"wp:featuredmedia":[{"embeddable":true,"href":"https:\/\/biotopik.org\/index.php\/wp-json\/wp\/v2\/media\/1852"}],"wp:attachment":[{"href":"https:\/\/biotopik.org\/index.php\/wp-json\/wp\/v2\/media?parent=574"}],"wp:term":[{"taxonomy":"category","embeddable":true,"href":"https:\/\/biotopik.org\/index.php\/wp-json\/wp\/v2\/categories?post=574"},{"taxonomy":"post_tag","embeddable":true,"href":"https:\/\/biotopik.org\/index.php\/wp-json\/wp\/v2\/tags?post=574"}],"curies":[{"name":"wp","href":"https:\/\/api.w.org\/{rel}","templated":true}]}}