{"id":575,"date":"2021-10-20T08:35:00","date_gmt":"2021-10-20T06:35:00","guid":{"rendered":"http:\/\/localhost\/jobfind\/?p=168"},"modified":"2022-01-04T10:57:46","modified_gmt":"2022-01-04T09:57:46","slug":"biomimexpo","status":"publish","type":"post","link":"https:\/\/biotopik.org\/index.php\/2021\/10\/20\/biomimexpo\/","title":{"rendered":"Inspiration Biomim&#8217;expo Paris octobre 2021"},"content":{"rendered":"\t\t<div data-elementor-type=\"wp-post\" data-elementor-id=\"575\" class=\"elementor elementor-575\" data-elementor-settings=\"[]\">\n\t\t\t\t\t\t\t<div class=\"elementor-section-wrap\">\n\t\t\t\t\t\t\t<section class=\"elementor-section elementor-top-section elementor-element elementor-element-3de90b68 elementor-section-boxed elementor-section-height-default elementor-section-height-default\" data-id=\"3de90b68\" data-element_type=\"section\">\n\t\t\t\t\t\t<div class=\"elementor-container elementor-column-gap-default\">\n\t\t\t\t\t<div class=\"elementor-column elementor-col-100 elementor-top-column elementor-element elementor-element-3acd0ef8\" data-id=\"3acd0ef8\" data-element_type=\"column\">\n\t\t\t<div class=\"elementor-widget-wrap elementor-element-populated\">\n\t\t\t\t\t\t\t\t<div class=\"elementor-element elementor-element-54602cd2 elementor-widget elementor-widget-text-editor\" data-id=\"54602cd2\" data-element_type=\"widget\" data-widget_type=\"text-editor.default\">\n\t\t\t\t<div class=\"elementor-widget-container\">\n\t\t\t\t\t\t\t<p><!-- wp:paragraph --><\/p>\n<p>Un \u00e9v\u00e8nement inspirant et inspir\u00e9, pour mettre le Vivant au coeur de notre d\u00e9marche, de nos projets. L&#8217;ambition pour Biotopik est d&#8217;aider \u00e0 construire des projets et collectifs plus &#8220;organiques&#8221; et adaptables aux changements multiples.<\/p>\n<p>A la Cit\u00e9 des Sciences et de l&#8217;Industrie, le 19 octobre 2021, un \u00e9v\u00e8nement hybride, traitant \u00e0 la fois de la ville r\u00e9siliente bio-inspir\u00e9e, mais aussi de r\u00e9volution culturelle des m\u00e9tiers de la promotion et de l\u2019immobilier, de \u00ab green guerilla \u00bb, d\u2019exp\u00e9riences de nature, de villes pens\u00e9es comme des organismes vivants. Nous avons parl\u00e9 enveloppes de b\u00e2timents, structures, r\u00e9ensauvagement, mais aussi \u00e9cosyst\u00e8mes et territoires. Des projets et r\u00e9alisations exemplaires, une master class sur la fresque Oc\u00e9ane, des rencontres enthousiasmantes sur des initiatives de territoires (\u00e9changes avec Olivier Massicot, Tarik Chekchak et Anne Gaillard sur l&#8217;\u00e9mergence de la Biovall\u00e9e dans la Dr\u00f4me)&#8230;<\/p>\n<p><!-- \/wp:paragraph --><\/p>\n<p><!-- wp:paragraph --><\/p>\n<p><span style=\"color: var( --e-global-color-text ); font-family: var( --e-global-typography-text-font-family ), Sans-serif; font-weight: var( --e-global-typography-text-font-weight );\">.<\/span><\/p>\n<p><!-- \/wp:paragraph --><\/p>\n<p><!-- wp:quote --><\/p>\n<blockquote class=\"wp-block-quote\">\n<p>Nos espaces de vie doivent \u00eatre repens\u00e9s pour \u00eatre adapt\u00e9s, pour le plus grand profit de l\u2019homme et de la nature.\u201d<\/p>\n<\/blockquote>\n<p><!-- \/wp:quote --><\/p>\n<p><!-- wp:paragraph --><\/p>\n<p>Les joies de la mise en r\u00e9seau et des croisements des profils, disciplines et la Vie au centre !<\/p>\n<p><!-- \/wp:paragraph --><\/p>\t\t\t\t\t\t<\/div>\n\t\t\t\t<\/div>\n\t\t\t\t\t<\/div>\n\t\t<\/div>\n\t\t\t\t\t\t\t<\/div>\n\t\t<\/section>\n\t\t\t\t<section class=\"elementor-section elementor-top-section elementor-element elementor-element-2b6f298 elementor-section-boxed elementor-section-height-default elementor-section-height-default\" data-id=\"2b6f298\" data-element_type=\"section\">\n\t\t\t\t\t\t<div class=\"elementor-container elementor-column-gap-default\">\n\t\t\t\t\t<div class=\"elementor-column elementor-col-100 elementor-top-column elementor-element elementor-element-7c4b641\" data-id=\"7c4b641\" data-element_type=\"column\">\n\t\t\t<div class=\"elementor-widget-wrap elementor-element-populated\">\n\t\t\t\t\t\t\t\t<div class=\"elementor-element elementor-element-ad99cff elementor-widget elementor-widget-image\" data-id=\"ad99cff\" data-element_type=\"widget\" data-widget_type=\"image.default\">\n\t\t\t\t<div class=\"elementor-widget-container\">\n\t\t\t\t\t\t\t\t\t\t\t\t\t\t\t<img decoding=\"async\" loading=\"lazy\" width=\"187\" height=\"125\" src=\"https:\/\/biotopik.org\/wp-content\/uploads\/2021\/12\/biomim1.jpg\" class=\"attachment-large size-large\" alt=\"\" \/>\t\t\t\t\t\t\t\t\t\t\t\t\t\t\t<\/div>\n\t\t\t\t<\/div>\n\t\t\t\t\t<\/div>\n\t\t<\/div>\n\t\t\t\t\t\t\t<\/div>\n\t\t<\/section>\n\t\t\t\t\t\t<\/div>\n\t\t\t\t\t<\/div>\n\t\t","protected":false},"excerpt":{"rendered":"<p>Un \u00e9v\u00e8nement inspirant et inspir\u00e9, pour mettre le Vivant au coeur de notre d\u00e9marche, de nos projets. L&#8217;ambition pour Biotopik est d&#8217;aider \u00e0 construire des projets et collectifs plus &#8220;organiques&#8221; et adaptables aux changements multiples. A la Cit\u00e9 des Sciences et de l&#8217;Industrie, le 19 octobre 2021, un \u00e9v\u00e8nement hybride, traitant \u00e0 la fois de [&hellip;]<\/p>\n","protected":false},"author":1,"featured_media":3200,"comment_status":"open","ping_status":"open","sticky":false,"template":"","format":"standard","meta":{"_monsterinsights_skip_tracking":false,"_monsterinsights_sitenote_active":false,"_monsterinsights_sitenote_note":"","_monsterinsights_sitenote_category":0,"footnotes":""},"categories":[2,5,11],"tags":[],"_links":{"self":[{"href":"https:\/\/biotopik.org\/index.php\/wp-json\/wp\/v2\/posts\/575"}],"collection":[{"href":"https:\/\/biotopik.org\/index.php\/wp-json\/wp\/v2\/posts"}],"about":[{"href":"https:\/\/biotopik.org\/index.php\/wp-json\/wp\/v2\/types\/post"}],"author":[{"embeddable":true,"href":"https:\/\/biotopik.org\/index.php\/wp-json\/wp\/v2\/users\/1"}],"replies":[{"embeddable":true,"href":"https:\/\/biotopik.org\/index.php\/wp-json\/wp\/v2\/comments?post=575"}],"version-history":[{"count":15,"href":"https:\/\/biotopik.org\/index.php\/wp-json\/wp\/v2\/posts\/575\/revisions"}],"predecessor-version":[{"id":3247,"href":"https:\/\/biotopik.org\/index.php\/wp-json\/wp\/v2\/posts\/575\/revisions\/3247"}],"wp:featuredmedia":[{"embeddable":true,"href":"https:\/\/biotopik.org\/index.php\/wp-json\/wp\/v2\/media\/3200"}],"wp:attachment":[{"href":"https:\/\/biotopik.org\/index.php\/wp-json\/wp\/v2\/media?parent=575"}],"wp:term":[{"taxonomy":"category","embeddable":true,"href":"https:\/\/biotopik.org\/index.php\/wp-json\/wp\/v2\/categories?post=575"},{"taxonomy":"post_tag","embeddable":true,"href":"https:\/\/biotopik.org\/index.php\/wp-json\/wp\/v2\/tags?post=575"}],"curies":[{"name":"wp","href":"https:\/\/api.w.org\/{rel}","templated":true}]}}