{"id":576,"date":"2021-11-18T07:36:00","date_gmt":"2021-11-18T06:36:00","guid":{"rendered":"http:\/\/localhost\/jobfind\/?p=171"},"modified":"2022-01-04T10:56:52","modified_gmt":"2022-01-04T09:56:52","slug":"udess21","status":"publish","type":"post","link":"https:\/\/biotopik.org\/index.php\/2021\/11\/18\/udess21\/","title":{"rendered":"Forum de l&#8217;UDESS \u00e0 Embrun &#8211; 16 nov 2021"},"content":{"rendered":"\t\t<div data-elementor-type=\"wp-post\" data-elementor-id=\"576\" class=\"elementor elementor-576\" data-elementor-settings=\"[]\">\n\t\t\t\t\t\t\t<div class=\"elementor-section-wrap\">\n\t\t\t\t\t\t\t<section class=\"elementor-section elementor-top-section elementor-element elementor-element-40b5de4c elementor-section-boxed elementor-section-height-default elementor-section-height-default\" data-id=\"40b5de4c\" data-element_type=\"section\">\n\t\t\t\t\t\t<div class=\"elementor-container elementor-column-gap-default\">\n\t\t\t\t\t<div class=\"elementor-column elementor-col-100 elementor-top-column elementor-element elementor-element-eccf59b\" data-id=\"eccf59b\" data-element_type=\"column\">\n\t\t\t<div class=\"elementor-widget-wrap elementor-element-populated\">\n\t\t\t\t\t\t\t\t<div class=\"elementor-element elementor-element-5e44b42c elementor-widget elementor-widget-text-editor\" data-id=\"5e44b42c\" data-element_type=\"widget\" data-widget_type=\"text-editor.default\">\n\t\t\t\t<div class=\"elementor-widget-container\">\n\t\t\t\t\t\t\t<p><!-- wp:paragraph --><\/p>\n<p>Une belle participation autour de l&#8217;Economie Sociale et Solidaire dans le 05, avec une th\u00e9matique sur\u00a0<b style=\"color: var( --e-global-color-text ); font-family: var( --e-global-typography-text-font-family ), Sans-serif;\"><span style=\"font-size: 16.0pt; font-family: 'Calibri',sans-serif; mso-ascii-theme-font: minor-latin; mso-fareast-font-family: Calibri; mso-fareast-theme-font: minor-latin; mso-hansi-theme-font: minor-latin; mso-bidi-font-family: 'Times New Roman'; mso-bidi-theme-font: minor-bidi; mso-ansi-language: FR; mso-fareast-language: EN-US; mso-bidi-language: AR-SA;\">les utopies locales, solidaires et \u00e9cologiques.<\/span><\/b><\/p>\n<p>L&#8217;animation en b\u00e9n\u00e9volat d&#8217;un atelier autour du M\u00e9dia des Acteurs et son ambition de la mise en r\u00e9seau des initiatives, ou <strong>Comment encourager et d\u00e9velopper la coop\u00e9ration des acteurs locaux\u00a0?<\/strong>\u00a0<\/p>\n<p>Un travail de mise en perspective des manques\/freins et id\u00e9es pour une meilleure coop\u00e9ration \u00e0 diff\u00e9rentes \u00e9chelles.<\/p>\n<p>Et pour Biotopik, de belles rencontres encore autour de la d\u00e9mocratie participative (Pierre Leroy), de l&#8217;alimentation locale (Court jus), d&#8217;initiatives exemplaires de territoires &#8211; SCIC alimentaires etc&#8230;<\/p>\n<p><!-- \/wp:paragraph --><!-- wp:quote --><\/p>\n<blockquote>\n<p>\u201cFace \u00e0 la double menace qui p\u00e8se sur notre soci\u00e9t\u00e9 quant aux ressources naturelles et aux in\u00e9galit\u00e9s croissantes, comment mettre en place une nouvelle gestion, de nouveaux indicateurs qui r\u00e9concilient le citoyen, le salari\u00e9 et le consommateur? Comment penser une strat\u00e9gie de d\u00e9veloppement territorial fond\u00e9 sur une d\u00e9marche d\u2019\u00e9conomie solidaire? Comment r\u00e9-encastrer l\u2019\u00e9conomique et le social?.\u201d, Philippe Eynaud, professeur en sciences de gestion \u00e0 l&#8217;IAE de Paris<\/p>\n<\/blockquote>\n<p><!-- \/wp:paragraph --><\/p>\t\t\t\t\t\t<\/div>\n\t\t\t\t<\/div>\n\t\t\t\t\t<\/div>\n\t\t<\/div>\n\t\t\t\t\t\t\t<\/div>\n\t\t<\/section>\n\t\t\t\t<section class=\"elementor-section elementor-top-section elementor-element elementor-element-2eac883 elementor-section-boxed elementor-section-height-default elementor-section-height-default\" data-id=\"2eac883\" data-element_type=\"section\">\n\t\t\t\t\t\t<div class=\"elementor-container elementor-column-gap-default\">\n\t\t\t\t\t<div class=\"elementor-column elementor-col-100 elementor-top-column elementor-element elementor-element-169af03\" data-id=\"169af03\" data-element_type=\"column\">\n\t\t\t<div class=\"elementor-widget-wrap elementor-element-populated\">\n\t\t\t\t\t\t\t\t<div class=\"elementor-element elementor-element-9444f15 elementor-widget elementor-widget-image\" data-id=\"9444f15\" data-element_type=\"widget\" data-widget_type=\"image.default\">\n\t\t\t\t<div class=\"elementor-widget-container\">\n\t\t\t\t\t\t\t\t\t\t\t\t\t\t\t<img decoding=\"async\" loading=\"lazy\" width=\"640\" height=\"480\" src=\"https:\/\/biotopik.org\/wp-content\/uploads\/2021\/12\/UDESS.jpg\" class=\"attachment-large size-large\" alt=\"\" srcset=\"https:\/\/biotopik.org\/wp-content\/uploads\/2021\/12\/UDESS.jpg 1024w, https:\/\/biotopik.org\/wp-content\/uploads\/2021\/12\/UDESS-300x225.jpg 300w, https:\/\/biotopik.org\/wp-content\/uploads\/2021\/12\/UDESS-768x576.jpg 768w, https:\/\/biotopik.org\/wp-content\/uploads\/2021\/12\/UDESS-580x436.jpg 580w\" sizes=\"(max-width: 640px) 100vw, 640px\" \/>\t\t\t\t\t\t\t\t\t\t\t\t\t\t\t<\/div>\n\t\t\t\t<\/div>\n\t\t\t\t\t<\/div>\n\t\t<\/div>\n\t\t\t\t\t\t\t<\/div>\n\t\t<\/section>\n\t\t\t\t\t\t<\/div>\n\t\t\t\t\t<\/div>\n\t\t","protected":false},"excerpt":{"rendered":"<p>Une belle participation autour de l&#8217;Economie Sociale et Solidaire dans le 05, avec une th\u00e9matique sur\u00a0les utopies locales, solidaires et \u00e9cologiques. L&#8217;animation en b\u00e9n\u00e9volat d&#8217;un atelier autour du M\u00e9dia des Acteurs et son ambition de la mise en r\u00e9seau des initiatives, ou Comment encourager et d\u00e9velopper la coop\u00e9ration des acteurs locaux\u00a0?\u00a0 Un travail de mise [&hellip;]<\/p>\n","protected":false},"author":1,"featured_media":3181,"comment_status":"open","ping_status":"open","sticky":false,"template":"","format":"standard","meta":{"_monsterinsights_skip_tracking":false,"_monsterinsights_sitenote_active":false,"_monsterinsights_sitenote_note":"","_monsterinsights_sitenote_category":0,"footnotes":""},"categories":[4,5,14],"tags":[],"_links":{"self":[{"href":"https:\/\/biotopik.org\/index.php\/wp-json\/wp\/v2\/posts\/576"}],"collection":[{"href":"https:\/\/biotopik.org\/index.php\/wp-json\/wp\/v2\/posts"}],"about":[{"href":"https:\/\/biotopik.org\/index.php\/wp-json\/wp\/v2\/types\/post"}],"author":[{"embeddable":true,"href":"https:\/\/biotopik.org\/index.php\/wp-json\/wp\/v2\/users\/1"}],"replies":[{"embeddable":true,"href":"https:\/\/biotopik.org\/index.php\/wp-json\/wp\/v2\/comments?post=576"}],"version-history":[{"count":8,"href":"https:\/\/biotopik.org\/index.php\/wp-json\/wp\/v2\/posts\/576\/revisions"}],"predecessor-version":[{"id":3246,"href":"https:\/\/biotopik.org\/index.php\/wp-json\/wp\/v2\/posts\/576\/revisions\/3246"}],"wp:featuredmedia":[{"embeddable":true,"href":"https:\/\/biotopik.org\/index.php\/wp-json\/wp\/v2\/media\/3181"}],"wp:attachment":[{"href":"https:\/\/biotopik.org\/index.php\/wp-json\/wp\/v2\/media?parent=576"}],"wp:term":[{"taxonomy":"category","embeddable":true,"href":"https:\/\/biotopik.org\/index.php\/wp-json\/wp\/v2\/categories?post=576"},{"taxonomy":"post_tag","embeddable":true,"href":"https:\/\/biotopik.org\/index.php\/wp-json\/wp\/v2\/tags?post=576"}],"curies":[{"name":"wp","href":"https:\/\/api.w.org\/{rel}","templated":true}]}}