{"id":577,"date":"2021-11-27T09:37:00","date_gmt":"2021-11-27T08:37:00","guid":{"rendered":"http:\/\/localhost\/jobfind\/?p=174"},"modified":"2022-01-04T10:55:23","modified_gmt":"2022-01-04T09:55:23","slug":"serd-atelier-5r","status":"publish","type":"post","link":"https:\/\/biotopik.org\/index.php\/2021\/11\/27\/serd-atelier-5r\/","title":{"rendered":"Atelier R\u00e9duction des D\u00e9chets 5R &#8211; Guillestrois"},"content":{"rendered":"\t\t<div data-elementor-type=\"wp-post\" data-elementor-id=\"577\" class=\"elementor elementor-577\" data-elementor-settings=\"[]\">\n\t\t\t\t\t\t\t<div class=\"elementor-section-wrap\">\n\t\t\t\t\t\t\t<section class=\"elementor-section elementor-top-section elementor-element elementor-element-657fc9d5 elementor-section-boxed elementor-section-height-default elementor-section-height-default\" data-id=\"657fc9d5\" data-element_type=\"section\">\n\t\t\t\t\t\t<div class=\"elementor-container elementor-column-gap-default\">\n\t\t\t\t\t<div class=\"elementor-column elementor-col-100 elementor-top-column elementor-element elementor-element-1625f7c2\" data-id=\"1625f7c2\" data-element_type=\"column\">\n\t\t\t<div class=\"elementor-widget-wrap elementor-element-populated\">\n\t\t\t\t\t\t\t\t<div class=\"elementor-element elementor-element-f293936 elementor-widget elementor-widget-text-editor\" data-id=\"f293936\" data-element_type=\"widget\" data-widget_type=\"text-editor.default\">\n\t\t\t\t<div class=\"elementor-widget-container\">\n\t\t\t\t\t\t\t<p><!-- wp:paragraph --><\/p>\n<p>Vendredi dernier, une belle journ\u00e9e autour de la r\u00e9duction des d\u00e9chets \u00e0 l&#8217;Auberge de jeunesse de Guillestre, \u00e0 l&#8217;occasion de la SERD.<\/p>\n<p>Un atelier en World caf\u00e9 avec les acteurs du 05, pour se rappeler &#8211; ce qui se fait d\u00e9j\u00e0 &#8211; ce qui manque et ce qu&#8217;on peut faire encore dans le sens des 5R &#8211; Refuser, R\u00e9duire, R\u00e9parer, R\u00e9employer, Recycler, Rendre \u00e0 la terre. Un enjeu crucial o\u00f9 chacun a son geste \u00e0 faire. Bravo \u00e0 tous pour vos id\u00e9es, engagements, initiatives et partages. A suivre !\u00a0<a href=\"https:\/\/www.linkedin.com\/feed\/hashtag\/?keywords=serd&amp;highlightedUpdateUrns=urn%3Ali%3Aactivity%3A6873034540810604544\" data-attribute-index=\"0\">#SERD<\/a>\u00a0<a href=\"https:\/\/www.linkedin.com\/feed\/hashtag\/?keywords=d%C3%A9chets&amp;highlightedUpdateUrns=urn%3Ali%3Aactivity%3A6873034540810604544\" data-attribute-index=\"1\">#d\u00e9chets<\/a>\u00a0<a href=\"https:\/\/www.linkedin.com\/feed\/hashtag\/?keywords=intelligencecollective&amp;highlightedUpdateUrns=urn%3Ali%3Aactivity%3A6873034540810604544\" data-attribute-index=\"2\">#intelligencecollective<\/a>.<\/p>\n<p><!-- \/wp:paragraph --><!-- wp:paragraph --><!-- \/wp:paragraph --><!-- wp:quote --><\/p>\n<blockquote class=\"wp-block-quote\">\n<p><i><span style=\"font-weight: 400;\"><i>Partage d&#8217;une d\u00e9finition du r\u00eave envisag\u00e9 par les participants : &#8220;<\/i>Je trouve autour de moi: les l\u00e9gumes, fromages, viandes et fruits des producteurs locaux. Je bois l\u2019eau de ma commune. Je mets mes courses dans des sacs ou emballages de chez moi. En cons\u00e9quence de quoi, mes d\u00e9chets sont rares. Le meilleur d\u00e9chet est celui que je ne produis pas..<\/span><\/i>.\u201d<\/p>\n<\/blockquote>\n<p><!-- \/wp:paragraph --><\/p>\t\t\t\t\t\t<\/div>\n\t\t\t\t<\/div>\n\t\t\t\t\t<\/div>\n\t\t<\/div>\n\t\t\t\t\t\t\t<\/div>\n\t\t<\/section>\n\t\t\t\t<section class=\"elementor-section elementor-top-section elementor-element elementor-element-d62e9ab elementor-section-boxed elementor-section-height-default elementor-section-height-default\" data-id=\"d62e9ab\" data-element_type=\"section\">\n\t\t\t\t\t\t<div class=\"elementor-container elementor-column-gap-default\">\n\t\t\t\t\t<div class=\"elementor-column elementor-col-100 elementor-top-column elementor-element elementor-element-e55ea03\" data-id=\"e55ea03\" data-element_type=\"column\">\n\t\t\t<div class=\"elementor-widget-wrap elementor-element-populated\">\n\t\t\t\t\t\t\t\t<div class=\"elementor-element elementor-element-1cef765 elementor-widget elementor-widget-image\" data-id=\"1cef765\" data-element_type=\"widget\" data-widget_type=\"image.default\">\n\t\t\t\t<div class=\"elementor-widget-container\">\n\t\t\t\t\t\t\t\t\t\t\t\t\t\t\t<img decoding=\"async\" loading=\"lazy\" width=\"640\" height=\"480\" src=\"https:\/\/biotopik.org\/wp-content\/uploads\/2021\/12\/dechets-nov21_1.jpg\" class=\"attachment-large size-large\" alt=\"\" srcset=\"https:\/\/biotopik.org\/wp-content\/uploads\/2021\/12\/dechets-nov21_1.jpg 640w, https:\/\/biotopik.org\/wp-content\/uploads\/2021\/12\/dechets-nov21_1-300x225.jpg 300w, https:\/\/biotopik.org\/wp-content\/uploads\/2021\/12\/dechets-nov21_1-580x436.jpg 580w\" sizes=\"(max-width: 640px) 100vw, 640px\" \/>\t\t\t\t\t\t\t\t\t\t\t\t\t\t\t<\/div>\n\t\t\t\t<\/div>\n\t\t\t\t\t<\/div>\n\t\t<\/div>\n\t\t\t\t\t\t\t<\/div>\n\t\t<\/section>\n\t\t\t\t\t\t<\/div>\n\t\t\t\t\t<\/div>\n\t\t","protected":false},"excerpt":{"rendered":"<p>Vendredi dernier, une belle journ\u00e9e autour de la r\u00e9duction des d\u00e9chets \u00e0 l&#8217;Auberge de jeunesse de Guillestre, \u00e0 l&#8217;occasion de la SERD. Un atelier en World caf\u00e9 avec les acteurs du 05, pour se rappeler &#8211; ce qui se fait d\u00e9j\u00e0 &#8211; ce qui manque et ce qu&#8217;on peut faire encore dans le sens des [&hellip;]<\/p>\n","protected":false},"author":1,"featured_media":3218,"comment_status":"open","ping_status":"open","sticky":false,"template":"","format":"standard","meta":{"_monsterinsights_skip_tracking":false,"_monsterinsights_sitenote_active":false,"_monsterinsights_sitenote_note":"","_monsterinsights_sitenote_category":0,"footnotes":""},"categories":[2,5],"tags":[],"_links":{"self":[{"href":"https:\/\/biotopik.org\/index.php\/wp-json\/wp\/v2\/posts\/577"}],"collection":[{"href":"https:\/\/biotopik.org\/index.php\/wp-json\/wp\/v2\/posts"}],"about":[{"href":"https:\/\/biotopik.org\/index.php\/wp-json\/wp\/v2\/types\/post"}],"author":[{"embeddable":true,"href":"https:\/\/biotopik.org\/index.php\/wp-json\/wp\/v2\/users\/1"}],"replies":[{"embeddable":true,"href":"https:\/\/biotopik.org\/index.php\/wp-json\/wp\/v2\/comments?post=577"}],"version-history":[{"count":8,"href":"https:\/\/biotopik.org\/index.php\/wp-json\/wp\/v2\/posts\/577\/revisions"}],"predecessor-version":[{"id":3245,"href":"https:\/\/biotopik.org\/index.php\/wp-json\/wp\/v2\/posts\/577\/revisions\/3245"}],"wp:featuredmedia":[{"embeddable":true,"href":"https:\/\/biotopik.org\/index.php\/wp-json\/wp\/v2\/media\/3218"}],"wp:attachment":[{"href":"https:\/\/biotopik.org\/index.php\/wp-json\/wp\/v2\/media?parent=577"}],"wp:term":[{"taxonomy":"category","embeddable":true,"href":"https:\/\/biotopik.org\/index.php\/wp-json\/wp\/v2\/categories?post=577"},{"taxonomy":"post_tag","embeddable":true,"href":"https:\/\/biotopik.org\/index.php\/wp-json\/wp\/v2\/tags?post=577"}],"curies":[{"name":"wp","href":"https:\/\/api.w.org\/{rel}","templated":true}]}}